{"id":938,"date":"2025-10-06T08:39:13","date_gmt":"2025-10-06T08:39:13","guid":{"rendered":"https:\/\/neuroscienceandart.de\/?p=938"},"modified":"2025-10-06T11:50:20","modified_gmt":"2025-10-06T11:50:20","slug":"vortrag-ueberwindung-von-schlaganfall-traumata-und-blockaden-mit-neuroaktiver-musik","status":"publish","type":"post","link":"https:\/\/neuroscienceandart.de\/index.php\/2025\/10\/06\/vortrag-ueberwindung-von-schlaganfall-traumata-und-blockaden-mit-neuroaktiver-musik\/","title":{"rendered":"Vortrag: &#8222;\u00dcberwindung von Schlaganfall, Traumata und Blockaden mit neuroaktiver Musik&#8220;"},"content":{"rendered":"<p><strong>Mittwoch, 01. April 2026 um 15.00 Uhr<\/strong><br \/>\n<strong>Detmold<\/strong><br \/>\nVeranstalter: Schlaganfall SHG Detmold e.V.<\/p>\n<p>Referentin: Christl Brucher, Neuroscience and Art e.V.<\/p>\n<p style=\"text-align: left;\">Mit einem speziellen EEG-spectralanalytischen Messverfahren k\u00f6nnen funktionelle Prozesse des Gehirns sichtbar gemacht werden. In den entsprechenden Messgrafiken zeigen sich Ursachen von St\u00f6rungen, Gef\u00fchle, Blockaden, belastende Konflikte, Traumatisierungen oder \u00fcbertragene \u00c4ngste, aber auch Talente, F\u00e4higkeiten und Zusammenh\u00e4nge von Lernen und Ged\u00e4chtnis.<\/p>\n<p style=\"text-align: left;\">Unser Gehirn ist plastisch und lebenslang zur plastischen Reorganisation bereit. Das bedeutet, dass wir uns durch diese Lernprozesse st\u00e4ndig weiter entwickeln k\u00f6nnen. Das Gehirn ver\u00e4ndert sich und passt sich den jeweiligen Lebensumst\u00e4nden an, entwickelt aber auch Kompensationsstrategien zum Umgang mit belastenden Situationen.<\/p>\n<p style=\"text-align: left;\">Gerade nach einem Schlaganfall ist es wichtig, diese Bereitschaft des Gehirns zur plastischen Reorganisation offen zu halten. Es ist auch m\u00f6glich, Lernfenster wieder zu \u00f6ffnen, um auch verbliebene Beeintr\u00e4chtigungen zu \u00fcberwinden.<\/p>\n<p style=\"text-align: left;\">Um diese Prozesse zu initiieren, therapeutische Ma\u00dfnahmen zu verst\u00e4rken und Lernprozesse zu optimieren, arbeiten wir mit neuroaktiver Musik. Diese spezielle Musik kann auf der Grundlage der Messung f\u00fcr die Klienten individualisiert erstellt werden. Sie wird anschlie\u00dfend aktivit\u00e4tsbegleitend zu Hause oder bei therapeutischen Anwendungen geh\u00f6rt.<\/p>\n<p style=\"text-align: left;\">Im Vortrag erhalten Sie einen Einblick in das spezielle Messverfahren und die Arbeit mit der neuroaktiven Musik.<\/p>\n","protected":false},"excerpt":{"rendered":"<p>Mittwoch, 01. April 2026 um 15.00 Uhr Detmold Veranstalter: Schlaganfall SHG Detmold e.V. Referentin: Christl Brucher, Neuroscience and Art e.V. Mit einem speziellen EEG-spectralanalytischen Messverfahren k\u00f6nnen funktionelle Prozesse des Gehirns sichtbar gemacht werden. In den entsprechenden Messgrafiken zeigen sich Ursachen von St\u00f6rungen, Gef\u00fchle, Blockaden, belastende Konflikte, Traumatisierungen oder \u00fcbertragene \u00c4ngste, aber auch Talente, F\u00e4higkeiten und &#8230; <a title=\"Vortrag: &#8222;\u00dcberwindung von Schlaganfall, Traumata und Blockaden mit neuroaktiver Musik&#8220;\" class=\"read-more\" href=\"https:\/\/neuroscienceandart.de\/index.php\/2025\/10\/06\/vortrag-ueberwindung-von-schlaganfall-traumata-und-blockaden-mit-neuroaktiver-musik\/\" aria-label=\"Mehr Informationen \u00fcber Vortrag: &#8222;\u00dcberwindung von Schlaganfall, Traumata und Blockaden mit neuroaktiver Musik&#8220;\">Weiterlesen<\/a><\/p>\n","protected":false},"author":1,"featured_media":0,"comment_status":"closed","ping_status":"open","sticky":false,"template":"","format":"standard","meta":{"footnotes":""},"categories":[1],"tags":[],"class_list":["post-938","post","type-post","status-publish","format-standard","hentry","category-uncategorized"],"aioseo_notices":[],"_links":{"self":[{"href":"https:\/\/neuroscienceandart.de\/index.php\/wp-json\/wp\/v2\/posts\/938","targetHints":{"allow":["GET"]}}],"collection":[{"href":"https:\/\/neuroscienceandart.de\/index.php\/wp-json\/wp\/v2\/posts"}],"about":[{"href":"https:\/\/neuroscienceandart.de\/index.php\/wp-json\/wp\/v2\/types\/post"}],"author":[{"embeddable":true,"href":"https:\/\/neuroscienceandart.de\/index.php\/wp-json\/wp\/v2\/users\/1"}],"replies":[{"embeddable":true,"href":"https:\/\/neuroscienceandart.de\/index.php\/wp-json\/wp\/v2\/comments?post=938"}],"version-history":[{"count":6,"href":"https:\/\/neuroscienceandart.de\/index.php\/wp-json\/wp\/v2\/posts\/938\/revisions"}],"predecessor-version":[{"id":946,"href":"https:\/\/neuroscienceandart.de\/index.php\/wp-json\/wp\/v2\/posts\/938\/revisions\/946"}],"wp:attachment":[{"href":"https:\/\/neuroscienceandart.de\/index.php\/wp-json\/wp\/v2\/media?parent=938"}],"wp:term":[{"taxonomy":"category","embeddable":true,"href":"https:\/\/neuroscienceandart.de\/index.php\/wp-json\/wp\/v2\/categories?post=938"},{"taxonomy":"post_tag","embeddable":true,"href":"https:\/\/neuroscienceandart.de\/index.php\/wp-json\/wp\/v2\/tags?post=938"}],"curies":[{"name":"wp","href":"https:\/\/api.w.org\/{rel}","templated":true}]}}